{"id":360,"date":"2022-07-05T21:51:44","date_gmt":"2022-07-06T00:51:44","guid":{"rendered":"http:\/\/www.fafich.ufmg.br\/lacs\/?p=360"},"modified":"2022-07-06T09:53:30","modified_gmt":"2022-07-06T12:53:30","slug":"encontros-do-lacs-07-07-22","status":"publish","type":"post","link":"https:\/\/www.fafich.ufmg.br\/lacs\/?p=360","title":{"rendered":"Encontros do LACS 07\/07\/22"},"content":{"rendered":"\n<div class=\"wp-block-columns\">\n<div class=\"wp-block-column\" style=\"flex-basis:100%\">\n<figure class=\"wp-block-image size-large\"><img loading=\"lazy\" width=\"1024\" height=\"1024\" src=\"http:\/\/www.fafich.ufmg.br\/lacs\/wp-content\/uploads\/2022\/07\/IMG-20220630-WA0003-2-1024x1024.jpeg\" alt=\"\" class=\"wp-image-376\" srcset=\"https:\/\/www.fafich.ufmg.br\/lacs\/wp-content\/uploads\/2022\/07\/IMG-20220630-WA0003-2-1024x1024.jpeg 1024w, https:\/\/www.fafich.ufmg.br\/lacs\/wp-content\/uploads\/2022\/07\/IMG-20220630-WA0003-2-300x300.jpeg 300w, https:\/\/www.fafich.ufmg.br\/lacs\/wp-content\/uploads\/2022\/07\/IMG-20220630-WA0003-2-150x150.jpeg 150w, https:\/\/www.fafich.ufmg.br\/lacs\/wp-content\/uploads\/2022\/07\/IMG-20220630-WA0003-2-768x768.jpeg 768w, https:\/\/www.fafich.ufmg.br\/lacs\/wp-content\/uploads\/2022\/07\/IMG-20220630-WA0003-2-510x510.jpeg 510w, https:\/\/www.fafich.ufmg.br\/lacs\/wp-content\/uploads\/2022\/07\/IMG-20220630-WA0003-2.jpeg 1080w\" sizes=\"(max-width: 1024px) 100vw, 1024px\" \/><\/figure>\n<\/div>\n<\/div>\n\n\n\n<p><\/p>\n\n\n\n<p><\/p>\n\n\n\n<p>O Laborat\u00f3rio de Antropologia das Controv\u00e9rsias Sociot\u00e9cnicas da&nbsp;UFMG&nbsp;convida a todas e todos para o pr\u00f3ximo Encontro do LACS! Este \u00e9 um&nbsp;espa\u00e7o de conversa, encontros e trocas entre o LACS e diversas pesquisadoras(es) convidadas(os).&nbsp;&nbsp;No pr\u00f3ximo dia 07\/07 receberemos para essa conversa Denise Pimenta (Fiocruz Bahia).   <\/p>\n\n\n\n<p>O pr\u00f3ximo Encontro do LACS vai acontecer no dia 07\/07 \u00e0s 14h. A transmiss\u00e3o ser\u00e1 feita pelo Youtube do LACS:&nbsp;<a href=\"https:\/\/www.youtube.com\/channel\/UCv907fAGMXeivRagLH93Qwg\">https:\/\/www.youtube.com\/channel\/UCv907fAGMXeivRagLH93Qwg<\/a><br><\/p>\n","protected":false},"excerpt":{"rendered":"<p>O Laborat\u00f3rio de Antropologia das Controv\u00e9rsias Sociot\u00e9cnicas da&nbsp;UFMG&nbsp;convida a todas e todos para o pr\u00f3ximo Encontro do LACS! Este \u00e9 um&nbsp;espa\u00e7o de conversa, encontros e trocas entre o LACS e diversas pesquisadoras(es) convidadas(os).&nbsp;&nbsp;No pr\u00f3ximo dia 07\/07 receberemos para essa conversa Denise Pimenta (Fiocruz Bahia). O pr\u00f3ximo Encontro do LACS vai acontecer no dia 07\/07 \u00e0s [&hellip;]<\/p>\n","protected":false},"author":1,"featured_media":376,"comment_status":"open","ping_status":"open","sticky":false,"template":"","format":"standard","meta":[],"categories":[4],"tags":[5],"_links":{"self":[{"href":"https:\/\/www.fafich.ufmg.br\/lacs\/index.php?rest_route=\/wp\/v2\/posts\/360"}],"collection":[{"href":"https:\/\/www.fafich.ufmg.br\/lacs\/index.php?rest_route=\/wp\/v2\/posts"}],"about":[{"href":"https:\/\/www.fafich.ufmg.br\/lacs\/index.php?rest_route=\/wp\/v2\/types\/post"}],"author":[{"embeddable":true,"href":"https:\/\/www.fafich.ufmg.br\/lacs\/index.php?rest_route=\/wp\/v2\/users\/1"}],"replies":[{"embeddable":true,"href":"https:\/\/www.fafich.ufmg.br\/lacs\/index.php?rest_route=%2Fwp%2Fv2%2Fcomments&post=360"}],"version-history":[{"count":8,"href":"https:\/\/www.fafich.ufmg.br\/lacs\/index.php?rest_route=\/wp\/v2\/posts\/360\/revisions"}],"predecessor-version":[{"id":383,"href":"https:\/\/www.fafich.ufmg.br\/lacs\/index.php?rest_route=\/wp\/v2\/posts\/360\/revisions\/383"}],"wp:featuredmedia":[{"embeddable":true,"href":"https:\/\/www.fafich.ufmg.br\/lacs\/index.php?rest_route=\/wp\/v2\/media\/376"}],"wp:attachment":[{"href":"https:\/\/www.fafich.ufmg.br\/lacs\/index.php?rest_route=%2Fwp%2Fv2%2Fmedia&parent=360"}],"wp:term":[{"taxonomy":"category","embeddable":true,"href":"https:\/\/www.fafich.ufmg.br\/lacs\/index.php?rest_route=%2Fwp%2Fv2%2Fcategories&post=360"},{"taxonomy":"post_tag","embeddable":true,"href":"https:\/\/www.fafich.ufmg.br\/lacs\/index.php?rest_route=%2Fwp%2Fv2%2Ftags&post=360"}],"curies":[{"name":"wp","href":"https:\/\/api.w.org\/{rel}","templated":true}]}}