{"id":1080,"date":"2019-09-11T08:57:24","date_gmt":"2019-09-11T11:57:24","guid":{"rendered":"http:\/\/www.fafich.ufmg.br\/lhtp\/?p=1080"},"modified":"2019-09-11T08:57:24","modified_gmt":"2019-09-11T11:57:24","slug":"alteridadess-em-tempo-de-incerteza","status":"publish","type":"post","link":"https:\/\/www.fafich.ufmg.br\/lhtp\/alteridadess-em-tempo-de-incerteza\/","title":{"rendered":"Alteridades(s) em tempo de incerteza"},"content":{"rendered":"<div class=\"page\" title=\"Page 1\">\n<div class=\"layoutArea\">\n<div class=\"column\">\n<p>A alteridade \u00e9 uma companheira persistente na rela\u00e7\u00e3o entrevistado-pesquisador em hist\u00f3ria oral. Quando os gravadores s\u00e3o ligados, os marcadores sociais de diferen\u00e7a n\u00e3o se apagam; pelo contr\u00e1rio, atuam na produ\u00e7\u00e3o de lembran\u00e7as, esquecimentos e sil\u00eancios durante as entrevistas. O debate em torno do problema da alteridade \u2014 que tem colocado quest\u00f5es t\u00e3o pol\u00eamicas quanto proveitosas para o campo da hist\u00f3ria oral \u2014 \u00e9 retomado neste livro que assume a escuta sens\u00edvel como um caminho para equilibrar as tens\u00f5es atinentes \u00e0 presen\u00e7a da diferen\u00e7a na pesquisa.<\/p>\n<\/div>\n<div class=\"page\" title=\"Page 1\">\n<div class=\"layoutArea\">\n<div class=\"column\">\n<p>Em <strong>Alteridades em tempos de (in)certeza<\/strong>: <strong>escutas sens\u00edveis<\/strong>, treze pesquisadores retomam as reflex\u00f5es desenvolvidas no XII Encontro Regional Sudeste de Hist\u00f3ria Oral, realizado na Universidade Federal de Minas Gerais. Convidam um p\u00fablico mais amplo ao di\u00e1logo sobre os velhos e novos desafios relacionados ao lugar da diferen\u00e7a na hist\u00f3ria oral.<\/p>\n<\/div>\n<\/div>\n<\/div>\n<\/div>\n<\/div>\n","protected":false},"excerpt":{"rendered":"<p>A alteridade \u00e9 uma companheira persistente na rela\u00e7\u00e3o entrevistado-pesquisador em hist\u00f3ria oral. Quando os gravadores&#8230;<\/p>\n","protected":false},"author":3,"featured_media":1082,"comment_status":"closed","ping_status":"closed","sticky":false,"template":"","format":"standard","meta":{"footnotes":""},"categories":[23],"tags":[],"_links":{"self":[{"href":"https:\/\/www.fafich.ufmg.br\/lhtp\/wp-json\/wp\/v2\/posts\/1080"}],"collection":[{"href":"https:\/\/www.fafich.ufmg.br\/lhtp\/wp-json\/wp\/v2\/posts"}],"about":[{"href":"https:\/\/www.fafich.ufmg.br\/lhtp\/wp-json\/wp\/v2\/types\/post"}],"author":[{"embeddable":true,"href":"https:\/\/www.fafich.ufmg.br\/lhtp\/wp-json\/wp\/v2\/users\/3"}],"replies":[{"embeddable":true,"href":"https:\/\/www.fafich.ufmg.br\/lhtp\/wp-json\/wp\/v2\/comments?post=1080"}],"version-history":[{"count":1,"href":"https:\/\/www.fafich.ufmg.br\/lhtp\/wp-json\/wp\/v2\/posts\/1080\/revisions"}],"predecessor-version":[{"id":1083,"href":"https:\/\/www.fafich.ufmg.br\/lhtp\/wp-json\/wp\/v2\/posts\/1080\/revisions\/1083"}],"wp:featuredmedia":[{"embeddable":true,"href":"https:\/\/www.fafich.ufmg.br\/lhtp\/wp-json\/wp\/v2\/media\/1082"}],"wp:attachment":[{"href":"https:\/\/www.fafich.ufmg.br\/lhtp\/wp-json\/wp\/v2\/media?parent=1080"}],"wp:term":[{"taxonomy":"category","embeddable":true,"href":"https:\/\/www.fafich.ufmg.br\/lhtp\/wp-json\/wp\/v2\/categories?post=1080"},{"taxonomy":"post_tag","embeddable":true,"href":"https:\/\/www.fafich.ufmg.br\/lhtp\/wp-json\/wp\/v2\/tags?post=1080"}],"curies":[{"name":"wp","href":"https:\/\/api.w.org\/{rel}","templated":true}]}}