{"id":1372,"date":"2025-01-28T13:56:20","date_gmt":"2025-01-28T16:56:20","guid":{"rendered":"https:\/\/www.fafich.ufmg.br\/lhtp\/?p=1372"},"modified":"2025-01-28T13:58:43","modified_gmt":"2025-01-28T16:58:43","slug":"historia-publica-e-ensino-de-historia","status":"publish","type":"post","link":"https:\/\/www.fafich.ufmg.br\/lhtp\/historia-publica-e-ensino-de-historia\/","title":{"rendered":"Hist\u00f3ria p\u00fablica e ensino de hist\u00f3ria"},"content":{"rendered":"<p>O debate sobre a rela\u00e7\u00e3o entre hist\u00f3ria p\u00fablica e ensino de hist\u00f3ria tem aumentado enormemente nos \u00faltimos anos e se materializado tanto em publica\u00e7\u00f5es quanto em di\u00e1logos, em espa\u00e7os de forma\u00e7\u00e3o e atua\u00e7\u00e3o de professores de hist\u00f3ria, e, evidentemente, na escola. Problematizar a ess\u00eancia desses debates \u00e9 um exerc\u00edcio reflexivo fundamental para melhor compreender essa rela\u00e7\u00e3o e evitar uma pulveriza\u00e7\u00e3o que leve ao esvaziamento das pr\u00e1ticas de hist\u00f3ria p\u00fablica no ensino de hist\u00f3ria. Esse \u00e9 o prop\u00f3sito do presente livro, em sua reuni\u00e3o de propostas, relatos de experi\u00eancia e entrevistas.<\/p>\n","protected":false},"excerpt":{"rendered":"<p>O debate sobre a rela\u00e7\u00e3o entre hist\u00f3ria p\u00fablica e ensino de hist\u00f3ria tem aumentado enormemente&#8230;<\/p>\n","protected":false},"author":1,"featured_media":1373,"comment_status":"closed","ping_status":"closed","sticky":false,"template":"","format":"standard","meta":{"footnotes":""},"categories":[23],"tags":[],"_links":{"self":[{"href":"https:\/\/www.fafich.ufmg.br\/lhtp\/wp-json\/wp\/v2\/posts\/1372"}],"collection":[{"href":"https:\/\/www.fafich.ufmg.br\/lhtp\/wp-json\/wp\/v2\/posts"}],"about":[{"href":"https:\/\/www.fafich.ufmg.br\/lhtp\/wp-json\/wp\/v2\/types\/post"}],"author":[{"embeddable":true,"href":"https:\/\/www.fafich.ufmg.br\/lhtp\/wp-json\/wp\/v2\/users\/1"}],"replies":[{"embeddable":true,"href":"https:\/\/www.fafich.ufmg.br\/lhtp\/wp-json\/wp\/v2\/comments?post=1372"}],"version-history":[{"count":1,"href":"https:\/\/www.fafich.ufmg.br\/lhtp\/wp-json\/wp\/v2\/posts\/1372\/revisions"}],"predecessor-version":[{"id":1376,"href":"https:\/\/www.fafich.ufmg.br\/lhtp\/wp-json\/wp\/v2\/posts\/1372\/revisions\/1376"}],"wp:featuredmedia":[{"embeddable":true,"href":"https:\/\/www.fafich.ufmg.br\/lhtp\/wp-json\/wp\/v2\/media\/1373"}],"wp:attachment":[{"href":"https:\/\/www.fafich.ufmg.br\/lhtp\/wp-json\/wp\/v2\/media?parent=1372"}],"wp:term":[{"taxonomy":"category","embeddable":true,"href":"https:\/\/www.fafich.ufmg.br\/lhtp\/wp-json\/wp\/v2\/categories?post=1372"},{"taxonomy":"post_tag","embeddable":true,"href":"https:\/\/www.fafich.ufmg.br\/lhtp\/wp-json\/wp\/v2\/tags?post=1372"}],"curies":[{"name":"wp","href":"https:\/\/api.w.org\/{rel}","templated":true}]}}