{"id":1377,"date":"2025-01-28T14:01:43","date_gmt":"2025-01-28T17:01:43","guid":{"rendered":"https:\/\/www.fafich.ufmg.br\/lhtp\/?p=1377"},"modified":"2025-01-28T14:02:48","modified_gmt":"2025-01-28T17:02:48","slug":"e-68-hein-performance-narrativa-em-historia-oral","status":"publish","type":"post","link":"https:\/\/www.fafich.ufmg.br\/lhtp\/e-68-hein-performance-narrativa-em-historia-oral\/","title":{"rendered":"E 68, hein? Performance narrativa em hist\u00f3ria oral"},"content":{"rendered":"<p>O que a gestualidade, as conven\u00e7\u00f5es narrativas, a teatralidade, o ensaiado, a cad\u00eancia da oralidade, as express\u00f5es faciais, os objetos levados para a situa\u00e7\u00e3o de entrevista ou a montagem do cen\u00e1rio em que ela ocorre dizem sobre as mem\u00f3rias que s\u00e3o comunicadas em hist\u00f3ria oral? Disposto a ouvir, documentar e debater as lembran\u00e7as sobre o emblem\u00e1tico ano de 1968, a partir de um turbulento tempo presente \u2013 o ano de 2018 \u2013, um grupo de pesquisadores se viu diante das performances narrativas de seus entrevistados. E, em di\u00e1logo com elas, produziu reflex\u00f5es que tratam da (res)significa\u00e7\u00e3o do tempo da ditadura militar, em discuss\u00f5es sobre a apresenta\u00e7\u00e3o p\u00fablica de mem\u00f3rias privadas; os marcadores sociais de diferen\u00e7a (g\u00eanero, classe e ra\u00e7a) e as formas como eles incidem na rela\u00e7\u00e3o entrevistado-entrevistador-p\u00fablico para a produ\u00e7\u00e3o de lembran\u00e7as; os trabalhos lingu\u00edstico e perform\u00e1tico que possibilitam a comunica\u00e7\u00e3o da mem\u00f3ria; e os desafios da promo\u00e7\u00e3o de uma \u201cautoridade compartilhada\u201d em hist\u00f3ria oral.<\/p>\n<p>E-book dispon\u00edvel em: <a href=\"https:\/\/www.finotracoeditora.com.br\/e-book-e-68-hein-performance-narrativa-em-historia-oral\">https:\/\/www.finotracoeditora.com.br\/e-book-e-68-hein-performance-narrativa-em-historia-oral<\/a><\/p>\n","protected":false},"excerpt":{"rendered":"<p>O que a gestualidade, as conven\u00e7\u00f5es narrativas, a teatralidade, o ensaiado, a cad\u00eancia da oralidade,&#8230;<\/p>\n","protected":false},"author":1,"featured_media":1378,"comment_status":"closed","ping_status":"closed","sticky":false,"template":"","format":"standard","meta":{"footnotes":""},"categories":[23],"tags":[],"_links":{"self":[{"href":"https:\/\/www.fafich.ufmg.br\/lhtp\/wp-json\/wp\/v2\/posts\/1377"}],"collection":[{"href":"https:\/\/www.fafich.ufmg.br\/lhtp\/wp-json\/wp\/v2\/posts"}],"about":[{"href":"https:\/\/www.fafich.ufmg.br\/lhtp\/wp-json\/wp\/v2\/types\/post"}],"author":[{"embeddable":true,"href":"https:\/\/www.fafich.ufmg.br\/lhtp\/wp-json\/wp\/v2\/users\/1"}],"replies":[{"embeddable":true,"href":"https:\/\/www.fafich.ufmg.br\/lhtp\/wp-json\/wp\/v2\/comments?post=1377"}],"version-history":[{"count":3,"href":"https:\/\/www.fafich.ufmg.br\/lhtp\/wp-json\/wp\/v2\/posts\/1377\/revisions"}],"predecessor-version":[{"id":1381,"href":"https:\/\/www.fafich.ufmg.br\/lhtp\/wp-json\/wp\/v2\/posts\/1377\/revisions\/1381"}],"wp:featuredmedia":[{"embeddable":true,"href":"https:\/\/www.fafich.ufmg.br\/lhtp\/wp-json\/wp\/v2\/media\/1378"}],"wp:attachment":[{"href":"https:\/\/www.fafich.ufmg.br\/lhtp\/wp-json\/wp\/v2\/media?parent=1377"}],"wp:term":[{"taxonomy":"category","embeddable":true,"href":"https:\/\/www.fafich.ufmg.br\/lhtp\/wp-json\/wp\/v2\/categories?post=1377"},{"taxonomy":"post_tag","embeddable":true,"href":"https:\/\/www.fafich.ufmg.br\/lhtp\/wp-json\/wp\/v2\/tags?post=1377"}],"curies":[{"name":"wp","href":"https:\/\/api.w.org\/{rel}","templated":true}]}}